{"id":3454,"date":"2021-04-27T16:02:31","date_gmt":"2021-04-27T14:02:31","guid":{"rendered":"https:\/\/www.medicusinfo.eu\/?p=3454"},"modified":"2024-01-29T16:04:53","modified_gmt":"2024-01-29T15:04:53","slug":"garage-nyon","status":"publish","type":"post","link":"https:\/\/www.medicusinfo.eu\/fr\/garage-nyon\/","title":{"rendered":"Garage de Nyon Volvo &#8211; Groupe Chevalley"},"content":{"rendered":"<div class=\"wpb-content-wrapper\">[vc_row][vc_column][mk_image src=\u00a0\u00bbhttps:\/\/www.medicusinfo.eu\/wp-content\/uploads\/2018\/03\/nyon-slider.png\u00a0\u00bb image_size=\u00a0\u00bbfull\u00a0\u00bb link=\u00a0\u00bbhttps:\/\/www.andre-chevalley.ch\/agences\/garage-de-nyon-volvo\u00a0\u00bb target=\u00a0\u00bb_blank\u00a0\u00bb align=\u00a0\u00bbcenter\u00a0\u00bb][mk_padding_divider size=\u00a0\u00bb20&Prime;][mk_fancy_title font_family=\u00a0\u00bbnone\u00a0\u00bb]\n<h3 style=\"text-align: center;\"><span class=\"s3\">Garage Partenaire pr\u00e9f\u00e9r\u00e9 VOLVO \u00e0 Nyon<br \/>\n<\/span><\/h3>\n[\/mk_fancy_title][\/vc_column][vc_column width=\u00a0\u00bb1\/2&Prime;][vc_column_text]\n<div class=\"page\" title=\"Page 1\">\n<p>Depuis le 1er septembre 2008, le Groupe Andr\u00e9 Chevalley SA a l\u2019avantage d\u2019\u00eatre l\u2019unique repr\u00e9sentant Volvo pour la r\u00e9gion Nyon-La C\u00f4te.<\/p>\n<p>Dans des locaux high-tech d\u2019une surface de plus de 1\u2019000 m2, notre \u00e9quipe se tient\u00a0\u00e0 votre disposition pour vous pr\u00e9senter toute la gamme des mod\u00e8les de la dynamique marque su\u00e9doise.<\/p>\n<p>Chez Volvo Nyon, tout est imagin\u00e9 selon vous. C&rsquo;est une promesse \u00e0 laquelle nous donnons vie quotidiennement. Vous vous en rendrez compte \u00e0 l&rsquo;instant ou vous prendrez contact avec nous, et ce que vous soyez un particulier, un ind\u00e9pendant ou encore le gestionnaire d&rsquo;un parc automobile. Que ce soit pour une question relative \u00e0 l&rsquo;un de nos mod\u00e8les, \u00e0 nos solutions de financement sur mesure, \u00e0 notre offre de voitures d&rsquo;occasion (Volvo Selekt), \u00e0 la prise de rendez-vous pour l&rsquo;entretien de votre v\u00e9hicule. Nous nous effor\u00e7ons de vous apporter la meilleure des solutions. Saviez-vous par ailleurs qu&rsquo;une fois la voiture vendue, plus de 75% de nos clients restent fid\u00e8les \u00e0 notre garage.<\/p>\n<\/div>\n[\/vc_column_text][\/vc_column][vc_column width=\u00a0\u00bb1\/2&Prime;][mk_image src=\u00a0\u00bbhttps:\/\/www.medicusinfo.eu\/wp-content\/uploads\/2018\/03\/garage-volvo-nyon-11.jpg\u00a0\u00bb image_width=\u00a0\u00bb1102&Prime; image_height=\u00a0\u00bb628&Prime; link=\u00a0\u00bbhttps:\/\/www.andre-chevalley.ch\/agences\/garage-de-nyon-volvo\u00a0\u00bb target=\u00a0\u00bb_blank\u00a0\u00bb][\/vc_column][\/vc_row][vc_row][vc_column][mk_padding_divider][vc_video link=\u00a0\u00bbhttps:\/\/youtu.be\/uXCh6QTGVrE\u00a0\u00bb autoplay=\u00a0\u00bbtrue\u00a0\u00bb loop=\u00a0\u00bbtrue\u00a0\u00bb][mk_padding_divider size=\u00a0\u00bb100&Prime;][\/vc_column][vc_column width=\u00a0\u00bb1\/2&Prime;][mk_image src=\u00a0\u00bbhttps:\/\/www.medicusinfo.eu\/wp-content\/uploads\/2018\/03\/garage-volvo-nyon-2016-10.jpg\u00a0\u00bb image_width=\u00a0\u00bb1102&Prime; image_height=\u00a0\u00bb628&Prime; link=\u00a0\u00bbhttps:\/\/www.andre-chevalley.ch\/agences\/garage-de-nyon-volvo\u00a0\u00bb target=\u00a0\u00bb_blank\u00a0\u00bb][mk_padding_divider size=\u00a0\u00bb20&Prime;][mk_image src=\u00a0\u00bbhttps:\/\/www.medicusinfo.eu\/wp-content\/uploads\/2018\/03\/garage-volvo-nyon-2016-03.jpg\u00a0\u00bb image_width=\u00a0\u00bb1102&Prime; image_height=\u00a0\u00bb628&Prime; link=\u00a0\u00bbhttps:\/\/www.andre-chevalley.ch\/agences\/garage-de-nyon-volvo\u00a0\u00bb target=\u00a0\u00bb_blank\u00a0\u00bb][\/vc_column][vc_column width=\u00a0\u00bb1\/2&Prime;][vc_column_text css=\u00a0\u00bb.vc_custom_1614699845041{margin-bottom: 0px !important;}\u00a0\u00bb]\n<h3><strong>Garage de Nyon Volvo<br \/>\nGroupe Chevalley<\/strong><\/h3>\n<p>Route de St-Cergue 293<br \/>\n1260 Nyon<br \/>\n022 365 50 50<\/p>\n<p><strong>R\u00e9ception<\/strong><b><br \/>\n<\/b>Lundi au Jeudi<br \/>\n8h00 \u00e0 12h00 \u2013 13h30 \u00e0 18h00<br \/>\nVendredi<br \/>\n8h00 \u00e0 12h00 \u2013 13h30 \u00e0 17h30<\/p>\n<p><strong>Vente<\/strong><br \/>\nLundi au Vendredi<br \/>\n8h00 \u00e0 18h30<br \/>\nSamedi<br \/>\n9h00 \u00e0 17h00<\/p>\n<p><strong>Atelier<\/strong><br \/>\nLundi au Jeudi<br \/>\n7h30 \u00e0 17h30 \u2013 (r\u00e9ception atelier 17h45)<br \/>\nVendredi<br \/>\n7h30 \u00e0 17h00 \u2013 (r\u00e9ception atelier 17h45)[\/vc_column_text][\/vc_column][\/vc_row][vc_row][vc_column][mk_padding_divider size=\u00a0\u00bb100&Prime;][\/vc_column][\/vc_row]\n<\/div>","protected":false},"excerpt":{"rendered":"<p>Garage Partenaire pr\u00e9f\u00e9r\u00e9 VOLVO \u00e0 Nyon<\/p>\n","protected":false},"author":1,"featured_media":3516,"comment_status":"open","ping_status":"open","sticky":false,"template":"","format":"standard","meta":{"_acf_changed":false,"footnotes":""},"categories":[126,98],"tags":[],"class_list":["post-3454","post","type-post","status-publish","format-standard","has-post-thumbnail","hentry","category-auto-fr","category-garage-fr"],"acf":[],"aioseo_notices":[],"_links":{"self":[{"href":"https:\/\/www.medicusinfo.eu\/fr\/wp-json\/wp\/v2\/posts\/3454","targetHints":{"allow":["GET"]}}],"collection":[{"href":"https:\/\/www.medicusinfo.eu\/fr\/wp-json\/wp\/v2\/posts"}],"about":[{"href":"https:\/\/www.medicusinfo.eu\/fr\/wp-json\/wp\/v2\/types\/post"}],"author":[{"embeddable":true,"href":"https:\/\/www.medicusinfo.eu\/fr\/wp-json\/wp\/v2\/users\/1"}],"replies":[{"embeddable":true,"href":"https:\/\/www.medicusinfo.eu\/fr\/wp-json\/wp\/v2\/comments?post=3454"}],"version-history":[{"count":0,"href":"https:\/\/www.medicusinfo.eu\/fr\/wp-json\/wp\/v2\/posts\/3454\/revisions"}],"wp:featuredmedia":[{"embeddable":true,"href":"https:\/\/www.medicusinfo.eu\/fr\/wp-json\/wp\/v2\/media\/3516"}],"wp:attachment":[{"href":"https:\/\/www.medicusinfo.eu\/fr\/wp-json\/wp\/v2\/media?parent=3454"}],"wp:term":[{"taxonomy":"category","embeddable":true,"href":"https:\/\/www.medicusinfo.eu\/fr\/wp-json\/wp\/v2\/categories?post=3454"},{"taxonomy":"post_tag","embeddable":true,"href":"https:\/\/www.medicusinfo.eu\/fr\/wp-json\/wp\/v2\/tags?post=3454"}],"curies":[{"name":"wp","href":"https:\/\/api.w.org\/{rel}","templated":true}]}}